{"id":950,"date":"2025-10-02T20:22:03","date_gmt":"2025-10-02T20:22:03","guid":{"rendered":"https:\/\/judo-club-premstaetten.at\/?p=950"},"modified":"2025-10-02T20:22:43","modified_gmt":"2025-10-02T20:22:43","slug":"einladung-generalversammlung-17-10-2025","status":"publish","type":"post","link":"https:\/\/judo-club-premstaetten.at\/index.php\/2025\/10\/02\/einladung-generalversammlung-17-10-2025\/","title":{"rendered":"Einladung Generalversammlung &#8211; 17.10.2025"},"content":{"rendered":"\n<p>Liebe Judoka, liebe Freunde des Judosports, <\/p>\n\n\n\n<p>die Statuten unseres Vereins sehen einmal j\u00e4hrlich die Abhaltung einer Generalversammlung vor &#8211; im heurigen Jahr sind auch wieder Neuwahlen erforderlich.<\/p>\n\n\n\n<p>Anbei die Einladung zu unserer Veranstaltung.<\/p>\n\n\n\n<p>Aus organisatorischen Gr\u00fcnden ersuchen wir f\u00fcr die gew\u00fcnschte Teilnahme um Voranmeldung per mail an\u00a0<a href=\"mailto:probst.h@a1.net\">probst.h@a1.net<\/a> oder telefonisch unter 06645421157 bis l\u00e4ngstens 14.10.2025.<\/p>\n\n\n\n<p>Mit sportlichen Gr\u00fc\u00dfen<\/p>\n\n\n\n<p>Helmut Probst<\/p>\n\n\n\n<p>Obmann<\/p>\n\n\n\n<figure class=\"wp-block-image size-full\"><img loading=\"lazy\" decoding=\"async\" width=\"670\" height=\"876\" src=\"https:\/\/judo-club-premstaetten.at\/wp-content\/uploads\/2025\/10\/Einladung_Generalversammlung_2025.png\" alt=\"\" class=\"wp-image-951\" srcset=\"https:\/\/judo-club-premstaetten.at\/wp-content\/uploads\/2025\/10\/Einladung_Generalversammlung_2025.png 670w, https:\/\/judo-club-premstaetten.at\/wp-content\/uploads\/2025\/10\/Einladung_Generalversammlung_2025-229x300.png 229w\" sizes=\"auto, (max-width: 670px) 100vw, 670px\" \/><\/figure>\n","protected":false},"excerpt":{"rendered":"<p>Liebe Judoka, liebe Freunde des Judosports, die Statuten unseres Vereins sehen einmal j\u00e4hrlich die Abhaltung einer Generalversammlung vor &#8211; im heurigen Jahr sind auch wieder Neuwahlen erforderlich. Anbei die Einladung zu unserer Veranstaltung. Aus organisatorischen Gr\u00fcnden ersuchen wir f\u00fcr die gew\u00fcnschte Teilnahme um Voranmeldung per mail an\u00a0probst.h@a1.net oder telefonisch unter 06645421157 bis l\u00e4ngstens 14.10.2025. Mit [&hellip;]<\/p>\n","protected":false},"author":1,"featured_media":0,"comment_status":"closed","ping_status":"open","sticky":false,"template":"","format":"standard","meta":{"_uag_custom_page_level_css":"","site-sidebar-layout":"default","site-content-layout":"","ast-site-content-layout":"default","site-content-style":"default","site-sidebar-style":"default","ast-global-header-display":"","ast-banner-title-visibility":"","ast-main-header-display":"","ast-hfb-above-header-display":"","ast-hfb-below-header-display":"","ast-hfb-mobile-header-display":"","site-post-title":"","ast-breadcrumbs-content":"","ast-featured-img":"","footer-sml-layout":"","ast-disable-related-posts":"","theme-transparent-header-meta":"","adv-header-id-meta":"","stick-header-meta":"","header-above-stick-meta":"","header-main-stick-meta":"","header-below-stick-meta":"","astra-migrate-meta-layouts":"set","ast-page-background-enabled":"default","ast-page-background-meta":{"desktop":{"background-color":"","background-image":"","background-repeat":"repeat","background-position":"center center","background-size":"auto","background-attachment":"scroll","background-type":"","background-media":"","overlay-type":"","overlay-color":"","overlay-opacity":"","overlay-gradient":""},"tablet":{"background-color":"","background-image":"","background-repeat":"repeat","background-position":"center center","background-size":"auto","background-attachment":"scroll","background-type":"","background-media":"","overlay-type":"","overlay-color":"","overlay-opacity":"","overlay-gradient":""},"mobile":{"background-color":"","background-image":"","background-repeat":"repeat","background-position":"center center","background-size":"auto","background-attachment":"scroll","background-type":"","background-media":"","overlay-type":"","overlay-color":"","overlay-opacity":"","overlay-gradient":""}},"ast-content-background-meta":{"desktop":{"background-color":"var(--ast-global-color-5)","background-image":"","background-repeat":"repeat","background-position":"center center","background-size":"auto","background-attachment":"scroll","background-type":"","background-media":"","overlay-type":"","overlay-color":"","overlay-opacity":"","overlay-gradient":""},"tablet":{"background-color":"var(--ast-global-color-5)","background-image":"","background-repeat":"repeat","background-position":"center center","background-size":"auto","background-attachment":"scroll","background-type":"","background-media":"","overlay-type":"","overlay-color":"","overlay-opacity":"","overlay-gradient":""},"mobile":{"background-color":"var(--ast-global-color-5)","background-image":"","background-repeat":"repeat","background-position":"center center","background-size":"auto","background-attachment":"scroll","background-type":"","background-media":"","overlay-type":"","overlay-color":"","overlay-opacity":"","overlay-gradient":""}},"footnotes":""},"categories":[4],"tags":[],"class_list":["post-950","post","type-post","status-publish","format-standard","hentry","category-newsbeitrag"],"featured_image_src":null,"featured_image_src_square":null,"author_info":{"display_name":"admin","author_link":"https:\/\/judo-club-premstaetten.at\/index.php\/author\/admin\/"},"uagb_featured_image_src":{"full":false,"thumbnail":false,"medium":false,"medium_large":false,"large":false,"1536x1536":false,"2048x2048":false,"ab-block-post-grid-landscape":false,"ab-block-post-grid-square":false},"uagb_author_info":{"display_name":"admin","author_link":"https:\/\/judo-club-premstaetten.at\/index.php\/author\/admin\/"},"uagb_comment_info":1,"uagb_excerpt":"Liebe Judoka, liebe Freunde des Judosports, die Statuten unseres Vereins sehen einmal j\u00e4hrlich die Abhaltung einer Generalversammlung vor &#8211; im heurigen Jahr sind auch wieder Neuwahlen erforderlich. Anbei die Einladung zu unserer Veranstaltung. Aus organisatorischen Gr\u00fcnden ersuchen wir f\u00fcr die gew\u00fcnschte Teilnahme um Voranmeldung per mail an\u00a0probst.h@a1.net oder telefonisch unter 06645421157 bis l\u00e4ngstens 14.10.2025. Mit&hellip;","_links":{"self":[{"href":"https:\/\/judo-club-premstaetten.at\/index.php\/wp-json\/wp\/v2\/posts\/950","targetHints":{"allow":["GET"]}}],"collection":[{"href":"https:\/\/judo-club-premstaetten.at\/index.php\/wp-json\/wp\/v2\/posts"}],"about":[{"href":"https:\/\/judo-club-premstaetten.at\/index.php\/wp-json\/wp\/v2\/types\/post"}],"author":[{"embeddable":true,"href":"https:\/\/judo-club-premstaetten.at\/index.php\/wp-json\/wp\/v2\/users\/1"}],"replies":[{"embeddable":true,"href":"https:\/\/judo-club-premstaetten.at\/index.php\/wp-json\/wp\/v2\/comments?post=950"}],"version-history":[{"count":2,"href":"https:\/\/judo-club-premstaetten.at\/index.php\/wp-json\/wp\/v2\/posts\/950\/revisions"}],"predecessor-version":[{"id":953,"href":"https:\/\/judo-club-premstaetten.at\/index.php\/wp-json\/wp\/v2\/posts\/950\/revisions\/953"}],"wp:attachment":[{"href":"https:\/\/judo-club-premstaetten.at\/index.php\/wp-json\/wp\/v2\/media?parent=950"}],"wp:term":[{"taxonomy":"category","embeddable":true,"href":"https:\/\/judo-club-premstaetten.at\/index.php\/wp-json\/wp\/v2\/categories?post=950"},{"taxonomy":"post_tag","embeddable":true,"href":"https:\/\/judo-club-premstaetten.at\/index.php\/wp-json\/wp\/v2\/tags?post=950"}],"curies":[{"name":"wp","href":"https:\/\/api.w.org\/{rel}","templated":true}]}}