{"id":729,"date":"2024-04-10T19:17:21","date_gmt":"2024-04-10T19:17:21","guid":{"rendered":"https:\/\/judo-club-premstaetten.at\/?p=729"},"modified":"2024-04-10T19:19:58","modified_gmt":"2024-04-10T19:19:58","slug":"zurueck-zu-den-wurzeln","status":"publish","type":"post","link":"https:\/\/judo-club-premstaetten.at\/index.php\/2024\/04\/10\/zurueck-zu-den-wurzeln\/","title":{"rendered":"\u201eZur\u00fcck zu den Wurzeln\u201c"},"content":{"rendered":"\n<p><strong>Sensation &#8211; der Judoclub Premst\u00e4tten freut sich \u00fcber die R\u00fcckkehr von 2 \u00f6sterreichischen Top Sportlern.<\/strong><\/p>\n\n\n\n<p>Mit <strong>Nina und Marcus Auer<\/strong> durften wir Ende Dezember 2023 die derzeitigen und mehrfachen \u00f6sterreichischen Meister als \u201eneue Vereinsmitglieder\u201c in unserem Verein begr\u00fc\u00dfen.<br>Hier in Premst\u00e4tten haben beide mit 5 Jahren mit dem Judosport begonnen, sich kontinuierlich weiterentwickelt, nach Wechseln zu Judo Leibnitz und Creativ Graz sind sie nun wieder in unsere Reihen heimgekehrt.<\/p>\n\n\n\n<p><strong>Nina Auer<\/strong> ist aktuell Sch\u00fclerin im GIBS in Graz.<br>Mit ihren 16 Jahren ist sie nicht nur \u00f6sterreichischer Nachwuchsjudoka sowie Sporthilfe &#8211; Nachwuchssportlerin des Jahres 2023, die gr\u00f6\u00dften Erfolge der 16-j\u00e4hrigen sind jeweils 2.Pl\u00e4tze bei der U18 EM und EYOF 2023, der 3.Platz bei der U18 WM und der 2.Platz in der Weltrangliste U18.<\/p>\n\n\n\n<p><strong>Marcus Auer<\/strong> ist derzeit Sportsoldat im HSZ Linz und Student der Wirtschaftsinformatik.<br>Als \u00f6sterreichischer Nachwuchsjudoka der Jahre 2022 und 2023 errang er bereits 4 x den 1.Platz im Europacup U21, den 5.Platz bei der U21 EM 2023 sowie heuer den 1.Platz beim European Open in Gy\u00f6r in der allgemeinen Klasse.<\/p>\n\n\n\n<p>Lustiges Detail am Rande: F\u00fcr beide war das erste Judoturnier jeweils das Sommerfest des Judoclub Premst\u00e4tten. Wir freuen uns sehr \u00fcber den prominenten Zuwachs &#8211; beide sind wichtige Vorbilder f\u00fcr unsere Judoka.<br><br>Wir w\u00fcnschen ihnen weiterhin viel Erfolg im nationalen und internationalen Judosport!<br><br>Helmut Probst<br>Obmann<\/p>\n\n\n\n<figure class=\"wp-block-gallery has-nested-images columns-default is-cropped wp-block-gallery-1 is-layout-flex wp-block-gallery-is-layout-flex\">\n<figure class=\"wp-block-image size-large\"><img loading=\"lazy\" decoding=\"async\" width=\"1024\" height=\"683\" data-id=\"730\" src=\"https:\/\/judo-club-premstaetten.at\/wp-content\/uploads\/2024\/04\/GEPA-20230725-101-134-0194-1536x1024-1-1024x683.jpg\" alt=\"\" class=\"wp-image-730\" srcset=\"https:\/\/judo-club-premstaetten.at\/wp-content\/uploads\/2024\/04\/GEPA-20230725-101-134-0194-1536x1024-1-1024x683.jpg 1024w, https:\/\/judo-club-premstaetten.at\/wp-content\/uploads\/2024\/04\/GEPA-20230725-101-134-0194-1536x1024-1-300x200.jpg 300w, https:\/\/judo-club-premstaetten.at\/wp-content\/uploads\/2024\/04\/GEPA-20230725-101-134-0194-1536x1024-1-768x512.jpg 768w, https:\/\/judo-club-premstaetten.at\/wp-content\/uploads\/2024\/04\/GEPA-20230725-101-134-0194-1536x1024-1-600x400.jpg 600w, https:\/\/judo-club-premstaetten.at\/wp-content\/uploads\/2024\/04\/GEPA-20230725-101-134-0194-1536x1024-1.jpg 1536w\" sizes=\"auto, (max-width: 1024px) 100vw, 1024px\" \/><\/figure>\n\n\n\n<figure class=\"wp-block-image size-large\"><img loading=\"lazy\" decoding=\"async\" width=\"1024\" height=\"722\" data-id=\"731\" src=\"https:\/\/judo-club-premstaetten.at\/wp-content\/uploads\/2024\/04\/Carlos-Ferreira-Gyoer-European-Open-2024-2024-40290-1024x722.jpg\" alt=\"\" class=\"wp-image-731\" srcset=\"https:\/\/judo-club-premstaetten.at\/wp-content\/uploads\/2024\/04\/Carlos-Ferreira-Gyoer-European-Open-2024-2024-40290-1024x722.jpg 1024w, https:\/\/judo-club-premstaetten.at\/wp-content\/uploads\/2024\/04\/Carlos-Ferreira-Gyoer-European-Open-2024-2024-40290-300x212.jpg 300w, https:\/\/judo-club-premstaetten.at\/wp-content\/uploads\/2024\/04\/Carlos-Ferreira-Gyoer-European-Open-2024-2024-40290-768x542.jpg 768w, https:\/\/judo-club-premstaetten.at\/wp-content\/uploads\/2024\/04\/Carlos-Ferreira-Gyoer-European-Open-2024-2024-40290.jpg 1280w\" sizes=\"auto, (max-width: 1024px) 100vw, 1024px\" \/><\/figure>\n<\/figure>\n\n\n\n<p>Fotos: Nina beim EYOF 2023 in Maribor &amp; Marcus beim EO in Gy\u00f6r 2024<\/p>\n","protected":false},"excerpt":{"rendered":"<p>Sensation &#8211; der Judoclub Premst\u00e4tten freut sich \u00fcber die R\u00fcckkehr von 2 \u00f6sterreichischen Top Sportlern. Mit Nina und Marcus Auer durften wir Ende Dezember 2023 die derzeitigen und mehrfachen \u00f6sterreichischen Meister als \u201eneue Vereinsmitglieder\u201c in unserem Verein begr\u00fc\u00dfen.Hier in Premst\u00e4tten haben beide mit 5 Jahren mit dem Judosport begonnen, sich kontinuierlich weiterentwickelt, nach Wechseln zu [&hellip;]<\/p>\n","protected":false},"author":1,"featured_media":0,"comment_status":"closed","ping_status":"open","sticky":false,"template":"","format":"standard","meta":{"_uag_custom_page_level_css":"","site-sidebar-layout":"default","site-content-layout":"","ast-site-content-layout":"default","site-content-style":"default","site-sidebar-style":"default","ast-global-header-display":"","ast-banner-title-visibility":"","ast-main-header-display":"","ast-hfb-above-header-display":"","ast-hfb-below-header-display":"","ast-hfb-mobile-header-display":"","site-post-title":"","ast-breadcrumbs-content":"","ast-featured-img":"","footer-sml-layout":"","ast-disable-related-posts":"","theme-transparent-header-meta":"","adv-header-id-meta":"","stick-header-meta":"","header-above-stick-meta":"","header-main-stick-meta":"","header-below-stick-meta":"","astra-migrate-meta-layouts":"set","ast-page-background-enabled":"default","ast-page-background-meta":{"desktop":{"background-color":"","background-image":"","background-repeat":"repeat","background-position":"center center","background-size":"auto","background-attachment":"scroll","background-type":"","background-media":"","overlay-type":"","overlay-color":"","overlay-opacity":"","overlay-gradient":""},"tablet":{"background-color":"","background-image":"","background-repeat":"repeat","background-position":"center center","background-size":"auto","background-attachment":"scroll","background-type":"","background-media":"","overlay-type":"","overlay-color":"","overlay-opacity":"","overlay-gradient":""},"mobile":{"background-color":"","background-image":"","background-repeat":"repeat","background-position":"center center","background-size":"auto","background-attachment":"scroll","background-type":"","background-media":"","overlay-type":"","overlay-color":"","overlay-opacity":"","overlay-gradient":""}},"ast-content-background-meta":{"desktop":{"background-color":"var(--ast-global-color-5)","background-image":"","background-repeat":"repeat","background-position":"center center","background-size":"auto","background-attachment":"scroll","background-type":"","background-media":"","overlay-type":"","overlay-color":"","overlay-opacity":"","overlay-gradient":""},"tablet":{"background-color":"var(--ast-global-color-5)","background-image":"","background-repeat":"repeat","background-position":"center center","background-size":"auto","background-attachment":"scroll","background-type":"","background-media":"","overlay-type":"","overlay-color":"","overlay-opacity":"","overlay-gradient":""},"mobile":{"background-color":"var(--ast-global-color-5)","background-image":"","background-repeat":"repeat","background-position":"center center","background-size":"auto","background-attachment":"scroll","background-type":"","background-media":"","overlay-type":"","overlay-color":"","overlay-opacity":"","overlay-gradient":""}},"footnotes":""},"categories":[4],"tags":[],"class_list":["post-729","post","type-post","status-publish","format-standard","hentry","category-newsbeitrag"],"featured_image_src":null,"featured_image_src_square":null,"author_info":{"display_name":"admin","author_link":"https:\/\/judo-club-premstaetten.at\/index.php\/author\/admin\/"},"uagb_featured_image_src":{"full":false,"thumbnail":false,"medium":false,"medium_large":false,"large":false,"1536x1536":false,"2048x2048":false,"ab-block-post-grid-landscape":false,"ab-block-post-grid-square":false},"uagb_author_info":{"display_name":"admin","author_link":"https:\/\/judo-club-premstaetten.at\/index.php\/author\/admin\/"},"uagb_comment_info":0,"uagb_excerpt":"Sensation &#8211; der Judoclub Premst\u00e4tten freut sich \u00fcber die R\u00fcckkehr von 2 \u00f6sterreichischen Top Sportlern. Mit Nina und Marcus Auer durften wir Ende Dezember 2023 die derzeitigen und mehrfachen \u00f6sterreichischen Meister als \u201eneue Vereinsmitglieder\u201c in unserem Verein begr\u00fc\u00dfen.Hier in Premst\u00e4tten haben beide mit 5 Jahren mit dem Judosport begonnen, sich kontinuierlich weiterentwickelt, nach Wechseln zu&hellip;","_links":{"self":[{"href":"https:\/\/judo-club-premstaetten.at\/index.php\/wp-json\/wp\/v2\/posts\/729","targetHints":{"allow":["GET"]}}],"collection":[{"href":"https:\/\/judo-club-premstaetten.at\/index.php\/wp-json\/wp\/v2\/posts"}],"about":[{"href":"https:\/\/judo-club-premstaetten.at\/index.php\/wp-json\/wp\/v2\/types\/post"}],"author":[{"embeddable":true,"href":"https:\/\/judo-club-premstaetten.at\/index.php\/wp-json\/wp\/v2\/users\/1"}],"replies":[{"embeddable":true,"href":"https:\/\/judo-club-premstaetten.at\/index.php\/wp-json\/wp\/v2\/comments?post=729"}],"version-history":[{"count":2,"href":"https:\/\/judo-club-premstaetten.at\/index.php\/wp-json\/wp\/v2\/posts\/729\/revisions"}],"predecessor-version":[{"id":733,"href":"https:\/\/judo-club-premstaetten.at\/index.php\/wp-json\/wp\/v2\/posts\/729\/revisions\/733"}],"wp:attachment":[{"href":"https:\/\/judo-club-premstaetten.at\/index.php\/wp-json\/wp\/v2\/media?parent=729"}],"wp:term":[{"taxonomy":"category","embeddable":true,"href":"https:\/\/judo-club-premstaetten.at\/index.php\/wp-json\/wp\/v2\/categories?post=729"},{"taxonomy":"post_tag","embeddable":true,"href":"https:\/\/judo-club-premstaetten.at\/index.php\/wp-json\/wp\/v2\/tags?post=729"}],"curies":[{"name":"wp","href":"https:\/\/api.w.org\/{rel}","templated":true}]}}