{"id":656,"date":"2023-08-03T19:46:45","date_gmt":"2023-08-03T19:46:45","guid":{"rendered":"https:\/\/judo-club-premstaetten.at\/?p=656"},"modified":"2023-08-03T19:53:45","modified_gmt":"2023-08-03T19:53:45","slug":"rueckblick-sommerfest-schoene-ferien-2","status":"publish","type":"post","link":"https:\/\/judo-club-premstaetten.at\/index.php\/2023\/08\/03\/rueckblick-sommerfest-schoene-ferien-2\/","title":{"rendered":"R\u00fcckblick Sommerfest &#038; sch\u00f6ne Ferien"},"content":{"rendered":"\n<p>Liebe Kinder, liebe Judoka und Vereinsmitglieder,<\/p>\n\n\n\n<p>mit kleiner Versp\u00e4tung d\u00fcrfen wir noch einen R\u00fcckblick auf unser wunderbares Sommerfest machen, dass am 17. Juni bei strahlendem Wetter stattfinden konnte. Nat\u00fcrlich wurde dabei auch wieder fleissig gek\u00e4mpft &#8211; viele begeistere K\u00e4mpfer:innen nahmen am Vereinsturnier teil und zeigten viel Einsatz und K\u00f6nnen auf der Matte. Damit sich w\u00e4hrend und nach den K\u00e4mpfen alle ausgiebig st\u00e4rken konnten, gab es wieder reichlich Verpflegung beim Kuchenbuffet oder vom Grill.  Passend zum Wetter gab es nat\u00fcrlich auch ein paar k\u00fchle Getr\u00e4nke und Eis f\u00fcr die Kinder&#8230;<\/p>\n\n\n\n<p>Wir hoffen, dass es allen Teilnehmern und Besuchern gefallen hat. Ganz herzlichen Dank an alle Helfer, die uns rund um das Fest geholfen haben &#8211; und auch vielen Dank f\u00fcr die ausgezeichneten Kuchenspenden!<\/p>\n\n\n\n<p>Somit w\u00fcnschen wir allen Kindern und Eltern noch sch\u00f6ne und erholsame Ferien! Im Herbst starten hoffentlich dann alle wieder gest\u00e4rkt und motiviert ins Judo-Training&#8230;<\/p>\n\n\n\n<figure class=\"wp-block-gallery has-nested-images columns-default is-cropped wp-block-gallery-1 is-layout-flex wp-block-gallery-is-layout-flex\">\n<figure class=\"wp-block-image size-large\"><img loading=\"lazy\" decoding=\"async\" width=\"1024\" height=\"768\" data-id=\"672\" src=\"https:\/\/judo-club-premstaetten.at\/wp-content\/uploads\/2023\/08\/20230617_135217-1024x768.jpg\" alt=\"\" class=\"wp-image-672\" srcset=\"https:\/\/judo-club-premstaetten.at\/wp-content\/uploads\/2023\/08\/20230617_135217-1024x768.jpg 1024w, https:\/\/judo-club-premstaetten.at\/wp-content\/uploads\/2023\/08\/20230617_135217-300x225.jpg 300w, https:\/\/judo-club-premstaetten.at\/wp-content\/uploads\/2023\/08\/20230617_135217-768x576.jpg 768w, https:\/\/judo-club-premstaetten.at\/wp-content\/uploads\/2023\/08\/20230617_135217-1536x1152.jpg 1536w, https:\/\/judo-club-premstaetten.at\/wp-content\/uploads\/2023\/08\/20230617_135217-2048x1536.jpg 2048w\" sizes=\"auto, (max-width: 1024px) 100vw, 1024px\" \/><\/figure>\n\n\n\n<figure class=\"wp-block-image size-large\"><img loading=\"lazy\" decoding=\"async\" width=\"1024\" height=\"768\" data-id=\"671\" src=\"https:\/\/judo-club-premstaetten.at\/wp-content\/uploads\/2023\/08\/20230617_135034-1024x768.jpg\" alt=\"\" class=\"wp-image-671\" srcset=\"https:\/\/judo-club-premstaetten.at\/wp-content\/uploads\/2023\/08\/20230617_135034-1024x768.jpg 1024w, https:\/\/judo-club-premstaetten.at\/wp-content\/uploads\/2023\/08\/20230617_135034-300x225.jpg 300w, https:\/\/judo-club-premstaetten.at\/wp-content\/uploads\/2023\/08\/20230617_135034-768x576.jpg 768w, https:\/\/judo-club-premstaetten.at\/wp-content\/uploads\/2023\/08\/20230617_135034-1536x1152.jpg 1536w, https:\/\/judo-club-premstaetten.at\/wp-content\/uploads\/2023\/08\/20230617_135034-2048x1536.jpg 2048w\" sizes=\"auto, (max-width: 1024px) 100vw, 1024px\" \/><\/figure>\n\n\n\n<figure class=\"wp-block-image size-large\"><img loading=\"lazy\" decoding=\"async\" width=\"1024\" height=\"768\" data-id=\"670\" src=\"https:\/\/judo-club-premstaetten.at\/wp-content\/uploads\/2023\/08\/20230617_134911-1024x768.jpg\" alt=\"\" class=\"wp-image-670\" srcset=\"https:\/\/judo-club-premstaetten.at\/wp-content\/uploads\/2023\/08\/20230617_134911-1024x768.jpg 1024w, https:\/\/judo-club-premstaetten.at\/wp-content\/uploads\/2023\/08\/20230617_134911-300x225.jpg 300w, https:\/\/judo-club-premstaetten.at\/wp-content\/uploads\/2023\/08\/20230617_134911-768x576.jpg 768w, https:\/\/judo-club-premstaetten.at\/wp-content\/uploads\/2023\/08\/20230617_134911-1536x1152.jpg 1536w, https:\/\/judo-club-premstaetten.at\/wp-content\/uploads\/2023\/08\/20230617_134911-2048x1536.jpg 2048w\" sizes=\"auto, (max-width: 1024px) 100vw, 1024px\" \/><\/figure>\n\n\n\n<figure class=\"wp-block-image size-large\"><img loading=\"lazy\" decoding=\"async\" width=\"1024\" height=\"768\" data-id=\"669\" src=\"https:\/\/judo-club-premstaetten.at\/wp-content\/uploads\/2023\/08\/20230617_134806-1024x768.jpg\" alt=\"\" class=\"wp-image-669\" srcset=\"https:\/\/judo-club-premstaetten.at\/wp-content\/uploads\/2023\/08\/20230617_134806-1024x768.jpg 1024w, https:\/\/judo-club-premstaetten.at\/wp-content\/uploads\/2023\/08\/20230617_134806-300x225.jpg 300w, https:\/\/judo-club-premstaetten.at\/wp-content\/uploads\/2023\/08\/20230617_134806-768x576.jpg 768w, https:\/\/judo-club-premstaetten.at\/wp-content\/uploads\/2023\/08\/20230617_134806-1536x1152.jpg 1536w, https:\/\/judo-club-premstaetten.at\/wp-content\/uploads\/2023\/08\/20230617_134806-2048x1536.jpg 2048w\" sizes=\"auto, (max-width: 1024px) 100vw, 1024px\" \/><\/figure>\n\n\n\n<figure class=\"wp-block-image size-large\"><img loading=\"lazy\" decoding=\"async\" width=\"1024\" height=\"768\" data-id=\"668\" src=\"https:\/\/judo-club-premstaetten.at\/wp-content\/uploads\/2023\/08\/20230617_134659-1024x768.jpg\" alt=\"\" class=\"wp-image-668\" srcset=\"https:\/\/judo-club-premstaetten.at\/wp-content\/uploads\/2023\/08\/20230617_134659-1024x768.jpg 1024w, https:\/\/judo-club-premstaetten.at\/wp-content\/uploads\/2023\/08\/20230617_134659-300x225.jpg 300w, https:\/\/judo-club-premstaetten.at\/wp-content\/uploads\/2023\/08\/20230617_134659-768x576.jpg 768w, https:\/\/judo-club-premstaetten.at\/wp-content\/uploads\/2023\/08\/20230617_134659-1536x1152.jpg 1536w, https:\/\/judo-club-premstaetten.at\/wp-content\/uploads\/2023\/08\/20230617_134659-2048x1536.jpg 2048w\" sizes=\"auto, (max-width: 1024px) 100vw, 1024px\" \/><\/figure>\n\n\n\n<figure class=\"wp-block-image size-large\"><img loading=\"lazy\" decoding=\"async\" width=\"1024\" height=\"768\" data-id=\"667\" src=\"https:\/\/judo-club-premstaetten.at\/wp-content\/uploads\/2023\/08\/20230617_134535-1024x768.jpg\" alt=\"\" class=\"wp-image-667\" srcset=\"https:\/\/judo-club-premstaetten.at\/wp-content\/uploads\/2023\/08\/20230617_134535-1024x768.jpg 1024w, https:\/\/judo-club-premstaetten.at\/wp-content\/uploads\/2023\/08\/20230617_134535-300x225.jpg 300w, https:\/\/judo-club-premstaetten.at\/wp-content\/uploads\/2023\/08\/20230617_134535-768x576.jpg 768w, https:\/\/judo-club-premstaetten.at\/wp-content\/uploads\/2023\/08\/20230617_134535-1536x1152.jpg 1536w, https:\/\/judo-club-premstaetten.at\/wp-content\/uploads\/2023\/08\/20230617_134535-2048x1536.jpg 2048w\" sizes=\"auto, (max-width: 1024px) 100vw, 1024px\" \/><\/figure>\n\n\n\n<figure class=\"wp-block-image size-large\"><img loading=\"lazy\" decoding=\"async\" width=\"1024\" height=\"768\" data-id=\"659\" src=\"https:\/\/judo-club-premstaetten.at\/wp-content\/uploads\/2023\/08\/20230617_101907-1024x768.jpg\" alt=\"\" class=\"wp-image-659\" srcset=\"https:\/\/judo-club-premstaetten.at\/wp-content\/uploads\/2023\/08\/20230617_101907-1024x768.jpg 1024w, https:\/\/judo-club-premstaetten.at\/wp-content\/uploads\/2023\/08\/20230617_101907-300x225.jpg 300w, https:\/\/judo-club-premstaetten.at\/wp-content\/uploads\/2023\/08\/20230617_101907-768x576.jpg 768w, https:\/\/judo-club-premstaetten.at\/wp-content\/uploads\/2023\/08\/20230617_101907-1536x1152.jpg 1536w, https:\/\/judo-club-premstaetten.at\/wp-content\/uploads\/2023\/08\/20230617_101907-2048x1536.jpg 2048w\" sizes=\"auto, (max-width: 1024px) 100vw, 1024px\" \/><\/figure>\n\n\n\n<figure class=\"wp-block-image size-large\"><img loading=\"lazy\" decoding=\"async\" width=\"1024\" height=\"768\" data-id=\"658\" src=\"https:\/\/judo-club-premstaetten.at\/wp-content\/uploads\/2023\/08\/20230617_101610-1024x768.jpg\" alt=\"\" class=\"wp-image-658\" srcset=\"https:\/\/judo-club-premstaetten.at\/wp-content\/uploads\/2023\/08\/20230617_101610-1024x768.jpg 1024w, https:\/\/judo-club-premstaetten.at\/wp-content\/uploads\/2023\/08\/20230617_101610-300x225.jpg 300w, https:\/\/judo-club-premstaetten.at\/wp-content\/uploads\/2023\/08\/20230617_101610-768x576.jpg 768w, https:\/\/judo-club-premstaetten.at\/wp-content\/uploads\/2023\/08\/20230617_101610-1536x1152.jpg 1536w, https:\/\/judo-club-premstaetten.at\/wp-content\/uploads\/2023\/08\/20230617_101610-2048x1536.jpg 2048w\" sizes=\"auto, (max-width: 1024px) 100vw, 1024px\" \/><\/figure>\n<\/figure>\n","protected":false},"excerpt":{"rendered":"<p>Liebe Kinder, liebe Judoka und Vereinsmitglieder, mit kleiner Versp\u00e4tung d\u00fcrfen wir noch einen R\u00fcckblick auf unser wunderbares Sommerfest machen, dass am 17. Juni bei strahlendem Wetter stattfinden konnte. Nat\u00fcrlich wurde dabei auch wieder fleissig gek\u00e4mpft &#8211; viele begeistere K\u00e4mpfer:innen nahmen am Vereinsturnier teil und zeigten viel Einsatz und K\u00f6nnen auf der Matte. Damit sich w\u00e4hrend [&hellip;]<\/p>\n","protected":false},"author":1,"featured_media":0,"comment_status":"closed","ping_status":"open","sticky":false,"template":"","format":"standard","meta":{"_uag_custom_page_level_css":"","site-sidebar-layout":"default","site-content-layout":"","ast-site-content-layout":"default","site-content-style":"default","site-sidebar-style":"default","ast-global-header-display":"","ast-banner-title-visibility":"","ast-main-header-display":"","ast-hfb-above-header-display":"","ast-hfb-below-header-display":"","ast-hfb-mobile-header-display":"","site-post-title":"","ast-breadcrumbs-content":"","ast-featured-img":"","footer-sml-layout":"","ast-disable-related-posts":"","theme-transparent-header-meta":"","adv-header-id-meta":"","stick-header-meta":"","header-above-stick-meta":"","header-main-stick-meta":"","header-below-stick-meta":"","astra-migrate-meta-layouts":"default","ast-page-background-enabled":"default","ast-page-background-meta":{"desktop":{"background-color":"","background-image":"","background-repeat":"repeat","background-position":"center center","background-size":"auto","background-attachment":"scroll","background-type":"","background-media":"","overlay-type":"","overlay-color":"","overlay-opacity":"","overlay-gradient":""},"tablet":{"background-color":"","background-image":"","background-repeat":"repeat","background-position":"center center","background-size":"auto","background-attachment":"scroll","background-type":"","background-media":"","overlay-type":"","overlay-color":"","overlay-opacity":"","overlay-gradient":""},"mobile":{"background-color":"","background-image":"","background-repeat":"repeat","background-position":"center center","background-size":"auto","background-attachment":"scroll","background-type":"","background-media":"","overlay-type":"","overlay-color":"","overlay-opacity":"","overlay-gradient":""}},"ast-content-background-meta":{"desktop":{"background-color":"var(--ast-global-color-5)","background-image":"","background-repeat":"repeat","background-position":"center center","background-size":"auto","background-attachment":"scroll","background-type":"","background-media":"","overlay-type":"","overlay-color":"","overlay-opacity":"","overlay-gradient":""},"tablet":{"background-color":"var(--ast-global-color-5)","background-image":"","background-repeat":"repeat","background-position":"center center","background-size":"auto","background-attachment":"scroll","background-type":"","background-media":"","overlay-type":"","overlay-color":"","overlay-opacity":"","overlay-gradient":""},"mobile":{"background-color":"var(--ast-global-color-5)","background-image":"","background-repeat":"repeat","background-position":"center center","background-size":"auto","background-attachment":"scroll","background-type":"","background-media":"","overlay-type":"","overlay-color":"","overlay-opacity":"","overlay-gradient":""}},"footnotes":""},"categories":[4],"tags":[],"class_list":["post-656","post","type-post","status-publish","format-standard","hentry","category-newsbeitrag"],"featured_image_src":null,"featured_image_src_square":null,"author_info":{"display_name":"admin","author_link":"https:\/\/judo-club-premstaetten.at\/index.php\/author\/admin\/"},"uagb_featured_image_src":{"full":false,"thumbnail":false,"medium":false,"medium_large":false,"large":false,"1536x1536":false,"2048x2048":false,"ab-block-post-grid-landscape":false,"ab-block-post-grid-square":false},"uagb_author_info":{"display_name":"admin","author_link":"https:\/\/judo-club-premstaetten.at\/index.php\/author\/admin\/"},"uagb_comment_info":0,"uagb_excerpt":"Liebe Kinder, liebe Judoka und Vereinsmitglieder, mit kleiner Versp\u00e4tung d\u00fcrfen wir noch einen R\u00fcckblick auf unser wunderbares Sommerfest machen, dass am 17. Juni bei strahlendem Wetter stattfinden konnte. Nat\u00fcrlich wurde dabei auch wieder fleissig gek\u00e4mpft &#8211; viele begeistere K\u00e4mpfer:innen nahmen am Vereinsturnier teil und zeigten viel Einsatz und K\u00f6nnen auf der Matte. Damit sich w\u00e4hrend&hellip;","_links":{"self":[{"href":"https:\/\/judo-club-premstaetten.at\/index.php\/wp-json\/wp\/v2\/posts\/656","targetHints":{"allow":["GET"]}}],"collection":[{"href":"https:\/\/judo-club-premstaetten.at\/index.php\/wp-json\/wp\/v2\/posts"}],"about":[{"href":"https:\/\/judo-club-premstaetten.at\/index.php\/wp-json\/wp\/v2\/types\/post"}],"author":[{"embeddable":true,"href":"https:\/\/judo-club-premstaetten.at\/index.php\/wp-json\/wp\/v2\/users\/1"}],"replies":[{"embeddable":true,"href":"https:\/\/judo-club-premstaetten.at\/index.php\/wp-json\/wp\/v2\/comments?post=656"}],"version-history":[{"count":6,"href":"https:\/\/judo-club-premstaetten.at\/index.php\/wp-json\/wp\/v2\/posts\/656\/revisions"}],"predecessor-version":[{"id":675,"href":"https:\/\/judo-club-premstaetten.at\/index.php\/wp-json\/wp\/v2\/posts\/656\/revisions\/675"}],"wp:attachment":[{"href":"https:\/\/judo-club-premstaetten.at\/index.php\/wp-json\/wp\/v2\/media?parent=656"}],"wp:term":[{"taxonomy":"category","embeddable":true,"href":"https:\/\/judo-club-premstaetten.at\/index.php\/wp-json\/wp\/v2\/categories?post=656"},{"taxonomy":"post_tag","embeddable":true,"href":"https:\/\/judo-club-premstaetten.at\/index.php\/wp-json\/wp\/v2\/tags?post=656"}],"curies":[{"name":"wp","href":"https:\/\/api.w.org\/{rel}","templated":true}]}}