{"id":541,"date":"2022-09-14T20:37:16","date_gmt":"2022-09-14T20:37:16","guid":{"rendered":"https:\/\/judo-club-premstaetten.at\/?p=541"},"modified":"2022-09-14T20:45:49","modified_gmt":"2022-09-14T20:45:49","slug":"es-geht-wieder-los-judotraining-ab-naechster-woche","status":"publish","type":"post","link":"https:\/\/judo-club-premstaetten.at\/index.php\/2022\/09\/14\/es-geht-wieder-los-judotraining-ab-naechster-woche\/","title":{"rendered":"Es geht wieder los &#8211; Judotraining ab n\u00e4chster Woche"},"content":{"rendered":"\n<p>Die Sommerferien sind schon wieder vorbei &#8211; nat\u00fcrlich schade&#8230; Aber, die gute Nachricht ist, dass wir wieder mit dem Judotraining starten k\u00f6nnen!<br>N\u00e4chste Woche findet am Dienstag das Anf\u00e4nger- und am Freitag das Training f\u00fcr die Fortgeschrittenen statt (jeweils ab 17:00 Uhr im Turnsaal der VS Premst\u00e4tten &#8211; Details siehe &#8222;Trainings-Info&#8220;).<br><br>Nat\u00fcrlich freuen wir uns auch sehr \u00fcber &#8222;Neueinsteiger&#8220; &#8211; alle Infos findet ihr im Folder!<\/p>\n\n\n\n<figure class=\"wp-block-image size-full\"><img loading=\"lazy\" decoding=\"async\" width=\"592\" height=\"785\" src=\"https:\/\/judo-club-premstaetten.at\/wp-content\/uploads\/2022\/09\/Anfaengerkurs_WS22.gif\" alt=\"\" class=\"wp-image-546\"\/><\/figure>\n","protected":false},"excerpt":{"rendered":"<p>Die Sommerferien sind schon wieder vorbei &#8211; nat\u00fcrlich schade&#8230; Aber, die gute Nachricht ist, dass wir wieder mit dem Judotraining starten k\u00f6nnen!N\u00e4chste Woche findet am Dienstag das Anf\u00e4nger- und am Freitag das Training f\u00fcr die Fortgeschrittenen statt (jeweils ab 17:00 Uhr im Turnsaal der VS Premst\u00e4tten &#8211; Details siehe &#8222;Trainings-Info&#8220;). Nat\u00fcrlich freuen wir uns auch [&hellip;]<\/p>\n","protected":false},"author":1,"featured_media":0,"comment_status":"closed","ping_status":"open","sticky":false,"template":"","format":"standard","meta":{"_uag_custom_page_level_css":"","site-sidebar-layout":"default","site-content-layout":"","ast-site-content-layout":"default","site-content-style":"default","site-sidebar-style":"default","ast-global-header-display":"","ast-banner-title-visibility":"","ast-main-header-display":"","ast-hfb-above-header-display":"","ast-hfb-below-header-display":"","ast-hfb-mobile-header-display":"","site-post-title":"","ast-breadcrumbs-content":"","ast-featured-img":"","footer-sml-layout":"","ast-disable-related-posts":"","theme-transparent-header-meta":"","adv-header-id-meta":"","stick-header-meta":"","header-above-stick-meta":"","header-main-stick-meta":"","header-below-stick-meta":"","astra-migrate-meta-layouts":"default","ast-page-background-enabled":"default","ast-page-background-meta":{"desktop":{"background-color":"","background-image":"","background-repeat":"repeat","background-position":"center center","background-size":"auto","background-attachment":"scroll","background-type":"","background-media":"","overlay-type":"","overlay-color":"","overlay-opacity":"","overlay-gradient":""},"tablet":{"background-color":"","background-image":"","background-repeat":"repeat","background-position":"center center","background-size":"auto","background-attachment":"scroll","background-type":"","background-media":"","overlay-type":"","overlay-color":"","overlay-opacity":"","overlay-gradient":""},"mobile":{"background-color":"","background-image":"","background-repeat":"repeat","background-position":"center center","background-size":"auto","background-attachment":"scroll","background-type":"","background-media":"","overlay-type":"","overlay-color":"","overlay-opacity":"","overlay-gradient":""}},"ast-content-background-meta":{"desktop":{"background-color":"var(--ast-global-color-5)","background-image":"","background-repeat":"repeat","background-position":"center center","background-size":"auto","background-attachment":"scroll","background-type":"","background-media":"","overlay-type":"","overlay-color":"","overlay-opacity":"","overlay-gradient":""},"tablet":{"background-color":"var(--ast-global-color-5)","background-image":"","background-repeat":"repeat","background-position":"center center","background-size":"auto","background-attachment":"scroll","background-type":"","background-media":"","overlay-type":"","overlay-color":"","overlay-opacity":"","overlay-gradient":""},"mobile":{"background-color":"var(--ast-global-color-5)","background-image":"","background-repeat":"repeat","background-position":"center center","background-size":"auto","background-attachment":"scroll","background-type":"","background-media":"","overlay-type":"","overlay-color":"","overlay-opacity":"","overlay-gradient":""}},"footnotes":""},"categories":[4],"tags":[],"class_list":["post-541","post","type-post","status-publish","format-standard","hentry","category-newsbeitrag"],"featured_image_src":null,"featured_image_src_square":null,"author_info":{"display_name":"admin","author_link":"https:\/\/judo-club-premstaetten.at\/index.php\/author\/admin\/"},"uagb_featured_image_src":{"full":false,"thumbnail":false,"medium":false,"medium_large":false,"large":false,"1536x1536":false,"2048x2048":false,"ab-block-post-grid-landscape":false,"ab-block-post-grid-square":false},"uagb_author_info":{"display_name":"admin","author_link":"https:\/\/judo-club-premstaetten.at\/index.php\/author\/admin\/"},"uagb_comment_info":0,"uagb_excerpt":"Die Sommerferien sind schon wieder vorbei &#8211; nat\u00fcrlich schade&#8230; Aber, die gute Nachricht ist, dass wir wieder mit dem Judotraining starten k\u00f6nnen!N\u00e4chste Woche findet am Dienstag das Anf\u00e4nger- und am Freitag das Training f\u00fcr die Fortgeschrittenen statt (jeweils ab 17:00 Uhr im Turnsaal der VS Premst\u00e4tten &#8211; Details siehe &#8222;Trainings-Info&#8220;). Nat\u00fcrlich freuen wir uns auch&hellip;","_links":{"self":[{"href":"https:\/\/judo-club-premstaetten.at\/index.php\/wp-json\/wp\/v2\/posts\/541","targetHints":{"allow":["GET"]}}],"collection":[{"href":"https:\/\/judo-club-premstaetten.at\/index.php\/wp-json\/wp\/v2\/posts"}],"about":[{"href":"https:\/\/judo-club-premstaetten.at\/index.php\/wp-json\/wp\/v2\/types\/post"}],"author":[{"embeddable":true,"href":"https:\/\/judo-club-premstaetten.at\/index.php\/wp-json\/wp\/v2\/users\/1"}],"replies":[{"embeddable":true,"href":"https:\/\/judo-club-premstaetten.at\/index.php\/wp-json\/wp\/v2\/comments?post=541"}],"version-history":[{"count":4,"href":"https:\/\/judo-club-premstaetten.at\/index.php\/wp-json\/wp\/v2\/posts\/541\/revisions"}],"predecessor-version":[{"id":547,"href":"https:\/\/judo-club-premstaetten.at\/index.php\/wp-json\/wp\/v2\/posts\/541\/revisions\/547"}],"wp:attachment":[{"href":"https:\/\/judo-club-premstaetten.at\/index.php\/wp-json\/wp\/v2\/media?parent=541"}],"wp:term":[{"taxonomy":"category","embeddable":true,"href":"https:\/\/judo-club-premstaetten.at\/index.php\/wp-json\/wp\/v2\/categories?post=541"},{"taxonomy":"post_tag","embeddable":true,"href":"https:\/\/judo-club-premstaetten.at\/index.php\/wp-json\/wp\/v2\/tags?post=541"}],"curies":[{"name":"wp","href":"https:\/\/api.w.org\/{rel}","templated":true}]}}