{"id":519,"date":"2022-07-08T20:06:55","date_gmt":"2022-07-08T20:06:55","guid":{"rendered":"https:\/\/judo-club-premstaetten.at\/?p=519"},"modified":"2022-07-08T20:34:18","modified_gmt":"2022-07-08T20:34:18","slug":"rueckblick-sommerfest-schoene-ferien","status":"publish","type":"post","link":"https:\/\/judo-club-premstaetten.at\/index.php\/2022\/07\/08\/rueckblick-sommerfest-schoene-ferien\/","title":{"rendered":"R\u00fcckblick Sommerfest &#038; sch\u00f6ne Ferien!"},"content":{"rendered":"\n<p>Wir blicken sehr freudig auf unser Sommerfest samt Judo-Turnier, das nach zweij\u00e4hriger Pause am letzten Samstag, dem 02. Juli 2022, wieder stattfinden konnte, zur\u00fcck! Mehr als 30 motivierte Judoka und \u00fcber 80 Besucherinnen und Besucher f\u00fcllten die Turnhalle und den &#8222;Festplatz&#8220; davor. Es gab spannende K\u00e4mpfe in unterschiedlichen Klassen und die Kinder begeisterten das Publikum mit ihrem gro\u00dfen Einsatz und K\u00f6nnen. Letztendlich erhielten alle Teilnehmer eine Urkunde und eine eigene Medaille &#8211; v.a. die kleineren Joduka waren und sind darauf besonders stolz&#8230; Eine Bildergallerie zeigt ein paar Eindr\u00fccke und Szenen von den K\u00e4mpfen und der Siegerehrung. <\/p>\n\n\n\n<p>Auch f\u00fcr das leibliche Wohl wurde mit Kaffee, Kuchen, Getr\u00e4nken, S\u00e4ften, Bratw\u00fcrsten, Hotdogs und Kotlett-Semmeln ausreichend gesorgt &#8211; das herrliche und nicht zu hei\u00dfe Wetter rundete unser gelungenes Sommerfest in Summe ab! Vielen Dank auch nochmals an alle, die uns bei den Vorbereitungen, mit Kuchenspenden und beim Fest selbst tatkr\u00e4ftig unterst\u00fctzt haben!<\/p>\n\n\n\n<p><strong>WIR W\u00dcNSCHEN ALLEN KINDERN SCH\u00d6NE SOMMERFERIEN <\/strong>und freuen uns schon auch den Trainingsbeginn im Herbst- hoffentlich k\u00f6nnen wir auch im n\u00e4chsten Semster bzw. Jahr wieder sch\u00f6ne Veranstaltungen durchf\u00fchren!<\/p>\n\n\n\n<figure class=\"wp-block-image size-large\"><img loading=\"lazy\" decoding=\"async\" width=\"1024\" height=\"576\" src=\"https:\/\/judo-club-premstaetten.at\/wp-content\/uploads\/2022\/07\/DSC08872-1024x576.jpg\" alt=\"\" class=\"wp-image-520\" srcset=\"https:\/\/judo-club-premstaetten.at\/wp-content\/uploads\/2022\/07\/DSC08872-1024x576.jpg 1024w, https:\/\/judo-club-premstaetten.at\/wp-content\/uploads\/2022\/07\/DSC08872-300x169.jpg 300w, https:\/\/judo-club-premstaetten.at\/wp-content\/uploads\/2022\/07\/DSC08872-768x432.jpg 768w, https:\/\/judo-club-premstaetten.at\/wp-content\/uploads\/2022\/07\/DSC08872-1536x864.jpg 1536w, https:\/\/judo-club-premstaetten.at\/wp-content\/uploads\/2022\/07\/DSC08872.jpg 1920w\" sizes=\"auto, (max-width: 1024px) 100vw, 1024px\" \/><\/figure>\n","protected":false},"excerpt":{"rendered":"<p>Wir blicken sehr freudig auf unser Sommerfest samt Judo-Turnier, das nach zweij\u00e4hriger Pause am letzten Samstag, dem 02. Juli 2022, wieder stattfinden konnte, zur\u00fcck! Mehr als 30 motivierte Judoka und \u00fcber 80 Besucherinnen und Besucher f\u00fcllten die Turnhalle und den &#8222;Festplatz&#8220; davor. Es gab spannende K\u00e4mpfe in unterschiedlichen Klassen und die Kinder begeisterten das Publikum [&hellip;]<\/p>\n","protected":false},"author":1,"featured_media":0,"comment_status":"closed","ping_status":"open","sticky":false,"template":"","format":"standard","meta":{"_uag_custom_page_level_css":"","site-sidebar-layout":"default","site-content-layout":"","ast-site-content-layout":"default","site-content-style":"default","site-sidebar-style":"default","ast-global-header-display":"","ast-banner-title-visibility":"","ast-main-header-display":"","ast-hfb-above-header-display":"","ast-hfb-below-header-display":"","ast-hfb-mobile-header-display":"","site-post-title":"","ast-breadcrumbs-content":"","ast-featured-img":"","footer-sml-layout":"","ast-disable-related-posts":"","theme-transparent-header-meta":"","adv-header-id-meta":"","stick-header-meta":"","header-above-stick-meta":"","header-main-stick-meta":"","header-below-stick-meta":"","astra-migrate-meta-layouts":"default","ast-page-background-enabled":"default","ast-page-background-meta":{"desktop":{"background-color":"","background-image":"","background-repeat":"repeat","background-position":"center center","background-size":"auto","background-attachment":"scroll","background-type":"","background-media":"","overlay-type":"","overlay-color":"","overlay-opacity":"","overlay-gradient":""},"tablet":{"background-color":"","background-image":"","background-repeat":"repeat","background-position":"center center","background-size":"auto","background-attachment":"scroll","background-type":"","background-media":"","overlay-type":"","overlay-color":"","overlay-opacity":"","overlay-gradient":""},"mobile":{"background-color":"","background-image":"","background-repeat":"repeat","background-position":"center center","background-size":"auto","background-attachment":"scroll","background-type":"","background-media":"","overlay-type":"","overlay-color":"","overlay-opacity":"","overlay-gradient":""}},"ast-content-background-meta":{"desktop":{"background-color":"var(--ast-global-color-5)","background-image":"","background-repeat":"repeat","background-position":"center center","background-size":"auto","background-attachment":"scroll","background-type":"","background-media":"","overlay-type":"","overlay-color":"","overlay-opacity":"","overlay-gradient":""},"tablet":{"background-color":"var(--ast-global-color-5)","background-image":"","background-repeat":"repeat","background-position":"center center","background-size":"auto","background-attachment":"scroll","background-type":"","background-media":"","overlay-type":"","overlay-color":"","overlay-opacity":"","overlay-gradient":""},"mobile":{"background-color":"var(--ast-global-color-5)","background-image":"","background-repeat":"repeat","background-position":"center center","background-size":"auto","background-attachment":"scroll","background-type":"","background-media":"","overlay-type":"","overlay-color":"","overlay-opacity":"","overlay-gradient":""}},"footnotes":""},"categories":[4],"tags":[],"class_list":["post-519","post","type-post","status-publish","format-standard","hentry","category-newsbeitrag"],"featured_image_src":null,"featured_image_src_square":null,"author_info":{"display_name":"admin","author_link":"https:\/\/judo-club-premstaetten.at\/index.php\/author\/admin\/"},"uagb_featured_image_src":{"full":false,"thumbnail":false,"medium":false,"medium_large":false,"large":false,"1536x1536":false,"2048x2048":false,"ab-block-post-grid-landscape":false,"ab-block-post-grid-square":false},"uagb_author_info":{"display_name":"admin","author_link":"https:\/\/judo-club-premstaetten.at\/index.php\/author\/admin\/"},"uagb_comment_info":0,"uagb_excerpt":"Wir blicken sehr freudig auf unser Sommerfest samt Judo-Turnier, das nach zweij\u00e4hriger Pause am letzten Samstag, dem 02. Juli 2022, wieder stattfinden konnte, zur\u00fcck! Mehr als 30 motivierte Judoka und \u00fcber 80 Besucherinnen und Besucher f\u00fcllten die Turnhalle und den &#8222;Festplatz&#8220; davor. Es gab spannende K\u00e4mpfe in unterschiedlichen Klassen und die Kinder begeisterten das Publikum&hellip;","_links":{"self":[{"href":"https:\/\/judo-club-premstaetten.at\/index.php\/wp-json\/wp\/v2\/posts\/519","targetHints":{"allow":["GET"]}}],"collection":[{"href":"https:\/\/judo-club-premstaetten.at\/index.php\/wp-json\/wp\/v2\/posts"}],"about":[{"href":"https:\/\/judo-club-premstaetten.at\/index.php\/wp-json\/wp\/v2\/types\/post"}],"author":[{"embeddable":true,"href":"https:\/\/judo-club-premstaetten.at\/index.php\/wp-json\/wp\/v2\/users\/1"}],"replies":[{"embeddable":true,"href":"https:\/\/judo-club-premstaetten.at\/index.php\/wp-json\/wp\/v2\/comments?post=519"}],"version-history":[{"count":3,"href":"https:\/\/judo-club-premstaetten.at\/index.php\/wp-json\/wp\/v2\/posts\/519\/revisions"}],"predecessor-version":[{"id":537,"href":"https:\/\/judo-club-premstaetten.at\/index.php\/wp-json\/wp\/v2\/posts\/519\/revisions\/537"}],"wp:attachment":[{"href":"https:\/\/judo-club-premstaetten.at\/index.php\/wp-json\/wp\/v2\/media?parent=519"}],"wp:term":[{"taxonomy":"category","embeddable":true,"href":"https:\/\/judo-club-premstaetten.at\/index.php\/wp-json\/wp\/v2\/categories?post=519"},{"taxonomy":"post_tag","embeddable":true,"href":"https:\/\/judo-club-premstaetten.at\/index.php\/wp-json\/wp\/v2\/tags?post=519"}],"curies":[{"name":"wp","href":"https:\/\/api.w.org\/{rel}","templated":true}]}}