{"id":234,"date":"2021-03-21T13:47:00","date_gmt":"2021-03-21T13:47:00","guid":{"rendered":"https:\/\/judo.enzian\/?p=234"},"modified":"2021-11-11T22:05:34","modified_gmt":"2021-11-11T22:05:34","slug":"die-neue-website-ist-online","status":"publish","type":"post","link":"https:\/\/judo-club-premstaetten.at\/index.php\/2021\/03\/21\/die-neue-website-ist-online\/","title":{"rendered":"Die Website ist \u2013 NEU!"},"content":{"rendered":"\n<p>Seit ziemlich genau einem Jahr konnten wir keine Judo-Trainings mehr durchf\u00fchren \u2013 eine leider sehr schmerzliche Folge der Corona-Pandemie!<\/p>\n\n\n\n<p>Wie nun alle selbst erleben, bringt eine solche Krise in manchen Bereichen aber auch Chancen f\u00fcr \u00c4nderungen und Verbesserungen mit sich \u2013 unsere&nbsp;<strong>neue Vereins-Website soll ein kleines, positives Beispiel<\/strong>&nbsp;daf\u00fcr sein! Der Corona-Virus hat uns zwar alle beeinflusst, wir sind aber fest davon \u00fcberzeugt, dass es definitiv weitergehen wird! Sobald als m\u00f6glich wird der Sportunion-Judoclub Premst\u00e4tten die Trainings wieder aufnehmen!<\/p>\n\n\n\n<p>Auf der neuen Website werden wir alle wichtigen Information bereitstellen und euch umgehend alle Neuigkeiten zu Trainings, Terminen und sonstigen Aktivit\u00e4ten weitergeben. Wir freuen uns schon auf den hoffentlich baldigen Wiederbeginn!<\/p>\n","protected":false},"excerpt":{"rendered":"<p>Seit ziemlich genau einem Jahr konnten wir keine Judo-Trainings mehr durchf\u00fchren \u2013 eine leider sehr schmerzliche Folge der Corona-Pandemie! Wie nun alle selbst erleben, bringt eine solche Krise in manchen Bereichen aber auch Chancen f\u00fcr \u00c4nderungen und Verbesserungen mit sich \u2013 unsere&nbsp;neue Vereins-Website soll ein kleines, positives Beispiel&nbsp;daf\u00fcr sein! Der Corona-Virus hat uns zwar alle [&hellip;]<\/p>\n","protected":false},"author":1,"featured_media":390,"comment_status":"closed","ping_status":"closed","sticky":false,"template":"","format":"standard","meta":{"_uag_custom_page_level_css":"","site-sidebar-layout":"default","site-content-layout":"default","ast-site-content-layout":"default","site-content-style":"default","site-sidebar-style":"default","ast-global-header-display":"","ast-banner-title-visibility":"","ast-main-header-display":"","ast-hfb-above-header-display":"","ast-hfb-below-header-display":"","ast-hfb-mobile-header-display":"","site-post-title":"","ast-breadcrumbs-content":"","ast-featured-img":"","footer-sml-layout":"","ast-disable-related-posts":"","theme-transparent-header-meta":"default","adv-header-id-meta":"","stick-header-meta":"","header-above-stick-meta":"","header-main-stick-meta":"","header-below-stick-meta":"","astra-migrate-meta-layouts":"default","ast-page-background-enabled":"default","ast-page-background-meta":{"desktop":{"background-color":"","background-image":"","background-repeat":"repeat","background-position":"center center","background-size":"auto","background-attachment":"scroll","background-type":"","background-media":"","overlay-type":"","overlay-color":"","overlay-opacity":"","overlay-gradient":""},"tablet":{"background-color":"","background-image":"","background-repeat":"repeat","background-position":"center center","background-size":"auto","background-attachment":"scroll","background-type":"","background-media":"","overlay-type":"","overlay-color":"","overlay-opacity":"","overlay-gradient":""},"mobile":{"background-color":"","background-image":"","background-repeat":"repeat","background-position":"center center","background-size":"auto","background-attachment":"scroll","background-type":"","background-media":"","overlay-type":"","overlay-color":"","overlay-opacity":"","overlay-gradient":""}},"ast-content-background-meta":{"desktop":{"background-color":"var(--ast-global-color-5)","background-image":"","background-repeat":"repeat","background-position":"center center","background-size":"auto","background-attachment":"scroll","background-type":"","background-media":"","overlay-type":"","overlay-color":"","overlay-opacity":"","overlay-gradient":""},"tablet":{"background-color":"var(--ast-global-color-5)","background-image":"","background-repeat":"repeat","background-position":"center center","background-size":"auto","background-attachment":"scroll","background-type":"","background-media":"","overlay-type":"","overlay-color":"","overlay-opacity":"","overlay-gradient":""},"mobile":{"background-color":"var(--ast-global-color-5)","background-image":"","background-repeat":"repeat","background-position":"center center","background-size":"auto","background-attachment":"scroll","background-type":"","background-media":"","overlay-type":"","overlay-color":"","overlay-opacity":"","overlay-gradient":""}},"footnotes":""},"categories":[4],"tags":[],"class_list":["post-234","post","type-post","status-publish","format-standard","has-post-thumbnail","hentry","category-newsbeitrag"],"featured_image_src":"https:\/\/judo-club-premstaetten.at\/wp-content\/uploads\/2020\/12\/20200110_Saisonstart_Freitagstraining-1536x1152-1-600x400.jpg","featured_image_src_square":"https:\/\/judo-club-premstaetten.at\/wp-content\/uploads\/2020\/12\/20200110_Saisonstart_Freitagstraining-1536x1152-1-600x600.jpg","author_info":{"display_name":"admin","author_link":"https:\/\/judo-club-premstaetten.at\/index.php\/author\/admin\/"},"uagb_featured_image_src":{"full":["https:\/\/judo-club-premstaetten.at\/wp-content\/uploads\/2020\/12\/20200110_Saisonstart_Freitagstraining-1536x1152-1.jpg",1536,1152,false],"thumbnail":["https:\/\/judo-club-premstaetten.at\/wp-content\/uploads\/2020\/12\/20200110_Saisonstart_Freitagstraining-1536x1152-1-150x150.jpg",150,150,true],"medium":["https:\/\/judo-club-premstaetten.at\/wp-content\/uploads\/2020\/12\/20200110_Saisonstart_Freitagstraining-1536x1152-1-300x225.jpg",300,225,true],"medium_large":["https:\/\/judo-club-premstaetten.at\/wp-content\/uploads\/2020\/12\/20200110_Saisonstart_Freitagstraining-1536x1152-1-768x576.jpg",768,576,true],"large":["https:\/\/judo-club-premstaetten.at\/wp-content\/uploads\/2020\/12\/20200110_Saisonstart_Freitagstraining-1536x1152-1-1024x768.jpg",1024,768,true],"1536x1536":["https:\/\/judo-club-premstaetten.at\/wp-content\/uploads\/2020\/12\/20200110_Saisonstart_Freitagstraining-1536x1152-1.jpg",1536,1152,false],"2048x2048":["https:\/\/judo-club-premstaetten.at\/wp-content\/uploads\/2020\/12\/20200110_Saisonstart_Freitagstraining-1536x1152-1.jpg",1536,1152,false],"ab-block-post-grid-landscape":["https:\/\/judo-club-premstaetten.at\/wp-content\/uploads\/2020\/12\/20200110_Saisonstart_Freitagstraining-1536x1152-1-600x400.jpg",600,400,true],"ab-block-post-grid-square":["https:\/\/judo-club-premstaetten.at\/wp-content\/uploads\/2020\/12\/20200110_Saisonstart_Freitagstraining-1536x1152-1-600x600.jpg",600,600,true]},"uagb_author_info":{"display_name":"admin","author_link":"https:\/\/judo-club-premstaetten.at\/index.php\/author\/admin\/"},"uagb_comment_info":0,"uagb_excerpt":"Seit ziemlich genau einem Jahr konnten wir keine Judo-Trainings mehr durchf\u00fchren \u2013 eine leider sehr schmerzliche Folge der Corona-Pandemie! Wie nun alle selbst erleben, bringt eine solche Krise in manchen Bereichen aber auch Chancen f\u00fcr \u00c4nderungen und Verbesserungen mit sich \u2013 unsere&nbsp;neue Vereins-Website soll ein kleines, positives Beispiel&nbsp;daf\u00fcr sein! Der Corona-Virus hat uns zwar alle&hellip;","_links":{"self":[{"href":"https:\/\/judo-club-premstaetten.at\/index.php\/wp-json\/wp\/v2\/posts\/234","targetHints":{"allow":["GET"]}}],"collection":[{"href":"https:\/\/judo-club-premstaetten.at\/index.php\/wp-json\/wp\/v2\/posts"}],"about":[{"href":"https:\/\/judo-club-premstaetten.at\/index.php\/wp-json\/wp\/v2\/types\/post"}],"author":[{"embeddable":true,"href":"https:\/\/judo-club-premstaetten.at\/index.php\/wp-json\/wp\/v2\/users\/1"}],"replies":[{"embeddable":true,"href":"https:\/\/judo-club-premstaetten.at\/index.php\/wp-json\/wp\/v2\/comments?post=234"}],"version-history":[{"count":2,"href":"https:\/\/judo-club-premstaetten.at\/index.php\/wp-json\/wp\/v2\/posts\/234\/revisions"}],"predecessor-version":[{"id":389,"href":"https:\/\/judo-club-premstaetten.at\/index.php\/wp-json\/wp\/v2\/posts\/234\/revisions\/389"}],"wp:featuredmedia":[{"embeddable":true,"href":"https:\/\/judo-club-premstaetten.at\/index.php\/wp-json\/wp\/v2\/media\/390"}],"wp:attachment":[{"href":"https:\/\/judo-club-premstaetten.at\/index.php\/wp-json\/wp\/v2\/media?parent=234"}],"wp:term":[{"taxonomy":"category","embeddable":true,"href":"https:\/\/judo-club-premstaetten.at\/index.php\/wp-json\/wp\/v2\/categories?post=234"},{"taxonomy":"post_tag","embeddable":true,"href":"https:\/\/judo-club-premstaetten.at\/index.php\/wp-json\/wp\/v2\/tags?post=234"}],"curies":[{"name":"wp","href":"https:\/\/api.w.org\/{rel}","templated":true}]}}